{"id":6911,"date":"2022-05-25T10:43:42","date_gmt":"2022-05-25T10:43:42","guid":{"rendered":"https:\/\/bozita.com\/cz\/malin-a-lars-se-pripravuji-na-sezonu-psich-sprezeni\/"},"modified":"2023-01-13T06:47:27","modified_gmt":"2023-01-13T06:47:27","slug":"malin-a-lars-se-pripravuji-na-sezonu-psich-sprezeni","status":"publish","type":"post","link":"https:\/\/bozita.com\/cz\/malin-a-lars-se-pripravuji-na-sezonu-psich-sprezeni\/","title":{"rendered":"Malin a Lars se p\u0159ipravuj\u00ed na sez\u00f3nu ps\u00edch sp\u0159e\u017een\u00ed."},"content":{"rendered":"\t\t<section class=\"small-hero\">\n\t\t\t<div class=\"container\">\n\t\t\t\t<h1 class=\"small-hero-title\">Malin a Lars se p\u0159ipravuj\u00ed na sez\u00f3nu ps\u00edch sp\u0159e\u017een\u00ed.<\/h1><p><p>Zima je tady a na severu brzy za\u010dne sez\u00f3na ps\u00edch sp\u0159e\u017een\u00ed. Teploty pod nulou se bl\u00ed\u017e\u00ed a pro Malin Strid a jej\u00edho man\u017eela Larse Hoffmanna z Cold Nose Huskies je \u010das zah\u00e1jit p\u0159edsez\u00f3nn\u00ed tr\u00e9nink.<\/p>\n<\/p>\t\t\t<\/div>\n\t\t\t<\/div>\n\t\t<\/section>\n\t\n\n\t<div class=\"text-box-warp\">\n\t\t<div class=\"container\">\n\t\t\t<div class=\"text-content\">\n\t\t\t\t<p>Cold Nose Huskies je projekt Malin a Larse, kter\u00fd se specializuje na krat\u0161\u00ed j\u00edzdy v d\u00e9lce od 1,5 hodiny a\u017e po celodenn\u00ed v\u00fdlety. Tr\u00e9nuj\u00ed a z\u00e1vod\u00ed s vlastn\u00edmi psy, p\u0159i\u010dem\u017e z\u00e1vody dvojic trvaj\u00ed od 300 do 1 200 km. Malin se v roce 2017 stala \u0161v\u00e9dskou \u0161ampionkou.<\/p>\n<p>Jejich nejv\u011bt\u0161\u00edm c\u00edlem je nyn\u00ed z\u00fa\u010dastnit se nejdel\u0161\u00edho a nejt\u011b\u017e\u0161\u00edho z\u00e1vodu ps\u00edch sp\u0159e\u017een\u00ed na sv\u011bt\u011b, 1800 km dlouh\u00e9ho <a href=\"https:\/\/iditarod.com\/\">z\u00e1vodu Iditarod na Alja\u0161ce<\/a>.<\/p>\n\t\t\t<\/div>\n\t\t<\/div>\n\t<\/div>\n\n\n\n\t<section class=\"block related-articles\">\n\t\t<div class=\"container\">\n\t\t\t<h2>Dal\u0161\u00ed novinky<\/h2>\n\t\t\t<div class=\"row justify-content-center\">\n\t\t\t\t\t\t\t\t\t\t<div class=\"col-sm-6 col-md-6 col-lg-3\">\n\t\t\t\t\t\t\t\t\t\t\t\t\t\t<div class=\"card \">\n\t\t\t\t\t\t\t\t\t\t\t\t\t\t\t\t\t<img decoding=\"async\"  src=\"https:\/\/bozita.com\/cz\/wp-content\/uploads\/sites\/12\/2021\/08\/bozita-ingrid-tomas-olofsson-ambassadors.jpeg\" alt=\"\">\n\t\t\t\t\t\t\t\t\t\t\t\t\t\t\t\t\t<!-- <img decoding=\"async\" src=\"\n\t\t\t\t\t\t\t\t\t\t\t\t\t\t\t\t\t\t\t\t\" alt=\"\n\t\t\t\t\t\t\t\t\t\t\t\t\t\t\t\t\t\t\t\t\t\t\t\t\t\t\t\"> -->\n\t\t\t\t\t\t\t\t<div class=\"card-body\">\n\t\t\t\t\t\t\t\t\t\t\t\t\t\t\t\t\t\t\t<h6>Rozhovor s chovatelskou stanic\u00ed Hed\u00e4ngen pro \u010dasopis Svenskt Jakt<\/h6>\n\t\t\t\t\t\t\t\t\t\t\t\t\t\t\t\t\t\t\t<a href=\"https:\/\/bozita.com\/cz\/rozhovor-s-chovatelskou-stanici-hedangen-pro-casopis-svenskt-jakt\/\">P\u0159e\u010dt\u011bte si v\u00edce &nbsp; ><\/a>\n\t\t\t\t\t\t\t\t<\/div>\n\t\t\t\t\t\t\t<\/div>\n\t\t\t\t\t\t<\/div>\n\n\t\t\t\t\t\t\t\t\t\t\t<div class=\"col-sm-6 col-md-6 col-lg-3\">\n\t\t\t\t\t\t\t\t\t\t\t\t\t\t<div class=\"card \">\n\t\t\t\t\t\t\t\t\t\t\t\t\t\t\t\t<!-- <img decoding=\"async\" src=\"\n\t\t\t\t\t\t\t\t\t\t\t\t\t\t\t\t\t\t\t\t\" alt=\"\n\t\t\t\t\t\t\t\t\t\t\t\t\t\t\t\t\t\t\t\t\t\t\t\t\t\t\t\"> -->\n\t\t\t\t\t\t\t\t<div class=\"card-body\">\n\t\t\t\t\t\t\t\t\t\t\t\t\t\t\t\t\t\t\t<h6>Canicross, tedy b\u011bh se psem ve spojen\u00e9m postroji, je st\u00e1le obl\u00edben\u011bj\u0161\u00ed.<\/h6>\n\t\t\t\t\t\t\t\t\t\t\t\t\t\t\t\t\t\t\t<a href=\"https:\/\/bozita.com\/cz\/canicross-tedy-beh-se-psem-ve-spojenem-postroji-je-stale-oblibenejsi\/\">P\u0159e\u010dt\u011bte si v\u00edce &nbsp; ><\/a>\n\t\t\t\t\t\t\t\t<\/div>\n\t\t\t\t\t\t\t<\/div>\n\t\t\t\t\t\t<\/div>\n\n\t\t\t\t\t\t\t\t\t\t\t<div class=\"col-sm-6 col-md-6 col-lg-3\">\n\t\t\t\t\t\t\t\t\t\t\t\t\t\t<div class=\"card \">\n\t\t\t\t\t\t\t\t\t\t\t\t\t\t\t\t\t<img decoding=\"async\"  src=\"https:\/\/bozita.com\/cz\/wp-content\/uploads\/sites\/12\/2021\/05\/bozita-petter-karlsson-finnmarkslopet-2019@2x.jpg\" alt=\"\">\n\t\t\t\t\t\t\t\t\t\t\t\t\t\t\t\t\t<!-- <img decoding=\"async\" src=\"\n\t\t\t\t\t\t\t\t\t\t\t\t\t\t\t\t\t\t\t\t\" alt=\"\n\t\t\t\t\t\t\t\t\t\t\t\t\t\t\t\t\t\t\t\t\t\t\t\t\t\t\t\"> -->\n\t\t\t\t\t\t\t\t<div class=\"card-body\">\n\t\t\t\t\t\t\t\t\t\t\t\t\t\t\t\t\t\t\t<h6>Petter Karlsson a jeho husky vedli, kdy\u017e byl z\u00e1vod Finnmarksl\u00f6pet 2020 p\u0159eru\u0161en.<\/h6>\n\t\t\t\t\t\t\t\t\t\t\t\t\t\t\t\t\t\t\t<a href=\"https:\/\/bozita.com\/cz\/petter-karlsson-a-jeho-husky-vedli-kdyz-byl-zavod-finnmarkslopet-2020-prerusen\/\">P\u0159e\u010dt\u011bte si v\u00edce &nbsp; ><\/a>\n\t\t\t\t\t\t\t\t<\/div>\n\t\t\t\t\t\t\t<\/div>\n\t\t\t\t\t\t<\/div>\n\n\t\t\t\t\t\t\t\t\t\t\t\t<\/div>\n\t\t<\/div>\n\t<\/section>\n","protected":false},"excerpt":{"rendered":"","protected":false},"author":1,"featured_media":6912,"comment_status":"open","ping_status":"open","sticky":false,"template":"","format":"standard","meta":{"footnotes":""},"categories":[59],"tags":[],"acf":[],"yoast_head":"<!-- This site is optimized with the Yoast SEO plugin v21.3 - https:\/\/yoast.com\/wordpress\/plugins\/seo\/ -->\n<title>Malin a Lars se p\u0159ipravuj\u00ed na sez\u00f3nu ps\u00edch sp\u0159e\u017een\u00ed. - Bozita Czech<\/title>\n<meta name=\"description\" content=\"Bl\u00ed\u017e\u00ed se zima a Malin Stridov\u00e1 a Lars Hoffmann se chystaj\u00ed na sez\u00f3nu ps\u00edch sp\u0159e\u017een\u00ed a velk\u00fd podnik Iditarod.\" \/>\n<meta name=\"robots\" content=\"index, follow, max-snippet:-1, max-image-preview:large, max-video-preview:-1\" \/>\n<link rel=\"canonical\" href=\"https:\/\/bozita.com\/cz\/malin-a-lars-se-pripravuji-na-sezonu-psich-sprezeni\/\" \/>\n<meta property=\"og:locale\" content=\"cs_CZ\" \/>\n<meta property=\"og:type\" content=\"article\" \/>\n<meta property=\"og:title\" content=\"Malin a Lars se p\u0159ipravuj\u00ed na sez\u00f3nu ps\u00edch sp\u0159e\u017een\u00ed. - Bozita Czech\" \/>\n<meta property=\"og:description\" content=\"Bl\u00ed\u017e\u00ed se zima a Malin Stridov\u00e1 a Lars Hoffmann se chystaj\u00ed na sez\u00f3nu ps\u00edch sp\u0159e\u017een\u00ed a velk\u00fd podnik Iditarod.\" \/>\n<meta property=\"og:url\" content=\"https:\/\/bozita.com\/cz\/malin-a-lars-se-pripravuji-na-sezonu-psich-sprezeni\/\" \/>\n<meta property=\"og:site_name\" content=\"Bozita Czech\" \/>\n<meta property=\"article:published_time\" content=\"2022-05-25T10:43:42+00:00\" \/>\n<meta property=\"article:modified_time\" content=\"2023-01-13T06:47:27+00:00\" \/>\n<meta property=\"og:image\" content=\"https:\/\/bozita.com\/cz\/wp-content\/uploads\/sites\/12\/2021\/08\/E8FDDB86-7532-4FCD-BEC1-E19328B33BA7.jpeg\" \/>\n\t<meta property=\"og:image:width\" content=\"640\" \/>\n\t<meta property=\"og:image:height\" content=\"960\" \/>\n\t<meta property=\"og:image:type\" content=\"image\/jpeg\" \/>\n<meta name=\"author\" content=\"birendra@midnightmachines.io\" \/>\n<meta name=\"twitter:card\" content=\"summary_large_image\" \/>\n<meta name=\"twitter:label1\" content=\"Napsal(a)\" \/>\n\t<meta name=\"twitter:data1\" content=\"birendra@midnightmachines.io\" \/>\n<!-- \/ Yoast SEO plugin. -->","yoast_head_json":{"title":"Malin a Lars se p\u0159ipravuj\u00ed na sez\u00f3nu ps\u00edch sp\u0159e\u017een\u00ed. - Bozita Czech","description":"Bl\u00ed\u017e\u00ed se zima a Malin Stridov\u00e1 a Lars Hoffmann se chystaj\u00ed na sez\u00f3nu ps\u00edch sp\u0159e\u017een\u00ed a velk\u00fd podnik Iditarod.","robots":{"index":"index","follow":"follow","max-snippet":"max-snippet:-1","max-image-preview":"max-image-preview:large","max-video-preview":"max-video-preview:-1"},"canonical":"https:\/\/bozita.com\/cz\/malin-a-lars-se-pripravuji-na-sezonu-psich-sprezeni\/","og_locale":"cs_CZ","og_type":"article","og_title":"Malin a Lars se p\u0159ipravuj\u00ed na sez\u00f3nu ps\u00edch sp\u0159e\u017een\u00ed. - Bozita Czech","og_description":"Bl\u00ed\u017e\u00ed se zima a Malin Stridov\u00e1 a Lars Hoffmann se chystaj\u00ed na sez\u00f3nu ps\u00edch sp\u0159e\u017een\u00ed a velk\u00fd podnik Iditarod.","og_url":"https:\/\/bozita.com\/cz\/malin-a-lars-se-pripravuji-na-sezonu-psich-sprezeni\/","og_site_name":"Bozita Czech","article_published_time":"2022-05-25T10:43:42+00:00","article_modified_time":"2023-01-13T06:47:27+00:00","og_image":[{"width":640,"height":960,"url":"https:\/\/bozita.com\/cz\/wp-content\/uploads\/sites\/12\/2021\/08\/E8FDDB86-7532-4FCD-BEC1-E19328B33BA7.jpeg","type":"image\/jpeg"}],"author":"birendra@midnightmachines.io","twitter_card":"summary_large_image","twitter_misc":{"Napsal(a)":"birendra@midnightmachines.io"},"schema":{"@context":"https:\/\/schema.org","@graph":[{"@type":"WebPage","@id":"https:\/\/bozita.com\/cz\/malin-a-lars-se-pripravuji-na-sezonu-psich-sprezeni\/","url":"https:\/\/bozita.com\/cz\/malin-a-lars-se-pripravuji-na-sezonu-psich-sprezeni\/","name":"Malin a Lars se p\u0159ipravuj\u00ed na sez\u00f3nu ps\u00edch sp\u0159e\u017een\u00ed. - Bozita Czech","isPartOf":{"@id":"https:\/\/bozita.com\/cz\/#website"},"datePublished":"2022-05-25T10:43:42+00:00","dateModified":"2023-01-13T06:47:27+00:00","author":{"@id":"https:\/\/bozita.com\/cz\/#\/schema\/person\/6371e7104ca6dbd5228d57bfbf35df36"},"description":"Bl\u00ed\u017e\u00ed se zima a Malin Stridov\u00e1 a Lars Hoffmann se chystaj\u00ed na sez\u00f3nu ps\u00edch sp\u0159e\u017een\u00ed a velk\u00fd podnik Iditarod.","breadcrumb":{"@id":"https:\/\/bozita.com\/cz\/malin-a-lars-se-pripravuji-na-sezonu-psich-sprezeni\/#breadcrumb"},"inLanguage":"cs","potentialAction":[{"@type":"ReadAction","target":["https:\/\/bozita.com\/cz\/malin-a-lars-se-pripravuji-na-sezonu-psich-sprezeni\/"]}]},{"@type":"BreadcrumbList","@id":"https:\/\/bozita.com\/cz\/malin-a-lars-se-pripravuji-na-sezonu-psich-sprezeni\/#breadcrumb","itemListElement":[{"@type":"ListItem","position":1,"name":"Home","item":"https:\/\/bozita.com\/cz\/"},{"@type":"ListItem","position":2,"name":"Malin a Lars se p\u0159ipravuj\u00ed na sez\u00f3nu ps\u00edch sp\u0159e\u017een\u00ed."}]},{"@type":"WebSite","@id":"https:\/\/bozita.com\/cz\/#website","url":"https:\/\/bozita.com\/cz\/","name":"Bozita Czech","description":"","potentialAction":[{"@type":"SearchAction","target":{"@type":"EntryPoint","urlTemplate":"https:\/\/bozita.com\/cz\/?s={search_term_string}"},"query-input":"required name=search_term_string"}],"inLanguage":"cs"},{"@type":"Person","@id":"https:\/\/bozita.com\/cz\/#\/schema\/person\/6371e7104ca6dbd5228d57bfbf35df36","name":"birendra@midnightmachines.io","image":{"@type":"ImageObject","inLanguage":"cs","@id":"https:\/\/bozita.com\/cz\/#\/schema\/person\/image\/","url":"https:\/\/secure.gravatar.com\/avatar\/c5cf4e0c24bb07b6946d309d9b607373?s=96&d=mm&r=g","contentUrl":"https:\/\/secure.gravatar.com\/avatar\/c5cf4e0c24bb07b6946d309d9b607373?s=96&d=mm&r=g","caption":"birendra@midnightmachines.io"},"sameAs":["http:\/\/bozita-staging.ejrw6aooo5-dv13xqm174gq.p.runcloud.link"],"url":"https:\/\/bozita.com\/cz\/author\/birendramidnightmachines-io\/"}]}},"_links":{"self":[{"href":"https:\/\/bozita.com\/cz\/wp-json\/wp\/v2\/posts\/6911"}],"collection":[{"href":"https:\/\/bozita.com\/cz\/wp-json\/wp\/v2\/posts"}],"about":[{"href":"https:\/\/bozita.com\/cz\/wp-json\/wp\/v2\/types\/post"}],"author":[{"embeddable":true,"href":"https:\/\/bozita.com\/cz\/wp-json\/wp\/v2\/users\/1"}],"replies":[{"embeddable":true,"href":"https:\/\/bozita.com\/cz\/wp-json\/wp\/v2\/comments?post=6911"}],"version-history":[{"count":8,"href":"https:\/\/bozita.com\/cz\/wp-json\/wp\/v2\/posts\/6911\/revisions"}],"predecessor-version":[{"id":7729,"href":"https:\/\/bozita.com\/cz\/wp-json\/wp\/v2\/posts\/6911\/revisions\/7729"}],"wp:featuredmedia":[{"embeddable":true,"href":"https:\/\/bozita.com\/cz\/wp-json\/wp\/v2\/media\/6912"}],"wp:attachment":[{"href":"https:\/\/bozita.com\/cz\/wp-json\/wp\/v2\/media?parent=6911"}],"wp:term":[{"taxonomy":"category","embeddable":true,"href":"https:\/\/bozita.com\/cz\/wp-json\/wp\/v2\/categories?post=6911"},{"taxonomy":"post_tag","embeddable":true,"href":"https:\/\/bozita.com\/cz\/wp-json\/wp\/v2\/tags?post=6911"}],"curies":[{"name":"wp","href":"https:\/\/api.w.org\/{rel}","templated":true}]}}